{"id":2039,"date":"2016-03-23T13:18:18","date_gmt":"2016-03-23T12:18:18","guid":{"rendered":"http:\/\/parroquiaanunciacion.com\/colegio\/?p=2039"},"modified":"2016-03-23T13:20:43","modified_gmt":"2016-03-23T12:20:43","slug":"visita-a-la-exposicion-de-pasos-de-semana-santa","status":"publish","type":"post","link":"https:\/\/parroquiaanunciacion.com\/colegio\/visita-a-la-exposicion-de-pasos-de-semana-santa\/","title":{"rendered":"Visita a la Exposici\u00f3n de Pasos de Semana Santa"},"content":{"rendered":"<p>Los alumnos de segundo y tercer ciclo de Primaria han visitado la Exposici\u00f3n de Pasos de Semana Santa, ubicada en la Plaza Porticada.<\/p>\n<p>Durante la visita Francisco Guti\u00e9rrez D\u00edaz, gran conocedor de la Semana Santa santanderina, les ha explicado los diferentes Pasos, sus autores \u00a0y las cofrad\u00edas con que procesionan.<\/p>\n<p>&nbsp;<\/p>\n<p>&nbsp;<\/p>\n<p><a href=\"http:\/\/parroquiaanunciacion.com\/colegio\/wp-content\/uploads\/2016\/03\/IMG_0850.jpg\"><img loading=\"lazy\" decoding=\"async\" data-attachment-id=\"2040\" data-permalink=\"https:\/\/parroquiaanunciacion.com\/colegio\/visita-a-la-exposicion-de-pasos-de-semana-santa\/img_0850\/\" data-orig-file=\"https:\/\/parroquiaanunciacion.com\/colegio\/wp-content\/uploads\/2016\/03\/IMG_0850.jpg\" data-orig-size=\"5184,3456\" data-comments-opened=\"0\" data-image-meta=\"{&quot;aperture&quot;:&quot;4.5&quot;,&quot;credit&quot;:&quot;&quot;,&quot;camera&quot;:&quot;Canon EOS 1200D&quot;,&quot;caption&quot;:&quot;&quot;,&quot;created_timestamp&quot;:&quot;1458733862&quot;,&quot;copyright&quot;:&quot;&quot;,&quot;focal_length&quot;:&quot;20&quot;,&quot;iso&quot;:&quot;100&quot;,&quot;shutter_speed&quot;:&quot;0.016666666666667&quot;,&quot;title&quot;:&quot;&quot;,&quot;orientation&quot;:&quot;1&quot;}\" data-image-title=\"IMG_0850\" data-image-description=\"\" data-image-caption=\"\" data-large-file=\"https:\/\/parroquiaanunciacion.com\/colegio\/wp-content\/uploads\/2016\/03\/IMG_0850-1024x683.jpg\" class=\"wp-image-2040 aligncenter\" src=\"http:\/\/parroquiaanunciacion.com\/colegio\/wp-content\/uploads\/2016\/03\/IMG_0850-300x200.jpg\" alt=\"IMG_0850\" width=\"440\" height=\"293\" srcset=\"https:\/\/parroquiaanunciacion.com\/colegio\/wp-content\/uploads\/2016\/03\/IMG_0850-300x200.jpg 300w, https:\/\/parroquiaanunciacion.com\/colegio\/wp-content\/uploads\/2016\/03\/IMG_0850-1024x683.jpg 1024w\" sizes=\"(max-width: 440px) 100vw, 440px\" \/><\/a><\/p>\n<p>&nbsp;<\/p>\n<p>&nbsp;<\/p>\n<p>&nbsp;<\/p>\n<p>&nbsp;<\/p>\n<p><a href=\"http:\/\/parroquiaanunciacion.com\/colegio\/wp-content\/uploads\/2016\/03\/IMG_0830.jpg\"><img loading=\"lazy\" decoding=\"async\" data-attachment-id=\"2044\" data-permalink=\"https:\/\/parroquiaanunciacion.com\/colegio\/visita-a-la-exposicion-de-pasos-de-semana-santa\/img_0830\/\" data-orig-file=\"https:\/\/parroquiaanunciacion.com\/colegio\/wp-content\/uploads\/2016\/03\/IMG_0830.jpg\" data-orig-size=\"5184,3456\" data-comments-opened=\"0\" data-image-meta=\"{&quot;aperture&quot;:&quot;4&quot;,&quot;credit&quot;:&quot;&quot;,&quot;camera&quot;:&quot;Canon EOS 1200D&quot;,&quot;caption&quot;:&quot;&quot;,&quot;created_timestamp&quot;:&quot;1458732434&quot;,&quot;copyright&quot;:&quot;&quot;,&quot;focal_length&quot;:&quot;20&quot;,&quot;iso&quot;:&quot;100&quot;,&quot;shutter_speed&quot;:&quot;0.025&quot;,&quot;title&quot;:&quot;&quot;,&quot;orientation&quot;:&quot;1&quot;}\" data-image-title=\"IMG_0830\" data-image-description=\"\" data-image-caption=\"\" data-large-file=\"https:\/\/parroquiaanunciacion.com\/colegio\/wp-content\/uploads\/2016\/03\/IMG_0830-1024x683.jpg\" class=\"wp-image-2044 aligncenter\" src=\"http:\/\/parroquiaanunciacion.com\/colegio\/wp-content\/uploads\/2016\/03\/IMG_0830-300x200.jpg\" alt=\"IMG_0830\" width=\"425\" height=\"283\" srcset=\"https:\/\/parroquiaanunciacion.com\/colegio\/wp-content\/uploads\/2016\/03\/IMG_0830-300x200.jpg 300w, https:\/\/parroquiaanunciacion.com\/colegio\/wp-content\/uploads\/2016\/03\/IMG_0830-1024x683.jpg 1024w\" sizes=\"(max-width: 425px) 100vw, 425px\" \/><\/a><\/p>\n<p>&nbsp;<\/p>\n<p><a href=\"http:\/\/parroquiaanunciacion.com\/colegio\/wp-content\/uploads\/2016\/03\/IMG_0854.jpg\"><img loading=\"lazy\" decoding=\"async\" data-attachment-id=\"2041\" data-permalink=\"https:\/\/parroquiaanunciacion.com\/colegio\/visita-a-la-exposicion-de-pasos-de-semana-santa\/img_0854\/\" data-orig-file=\"https:\/\/parroquiaanunciacion.com\/colegio\/wp-content\/uploads\/2016\/03\/IMG_0854.jpg\" data-orig-size=\"5184,3456\" data-comments-opened=\"0\" data-image-meta=\"{&quot;aperture&quot;:&quot;3.5&quot;,&quot;credit&quot;:&quot;&quot;,&quot;camera&quot;:&quot;Canon EOS 1200D&quot;,&quot;caption&quot;:&quot;&quot;,&quot;created_timestamp&quot;:&quot;1458733924&quot;,&quot;copyright&quot;:&quot;&quot;,&quot;focal_length&quot;:&quot;21&quot;,&quot;iso&quot;:&quot;100&quot;,&quot;shutter_speed&quot;:&quot;0.0125&quot;,&quot;title&quot;:&quot;&quot;,&quot;orientation&quot;:&quot;1&quot;}\" data-image-title=\"IMG_0854\" data-image-description=\"\" data-image-caption=\"\" data-large-file=\"https:\/\/parroquiaanunciacion.com\/colegio\/wp-content\/uploads\/2016\/03\/IMG_0854-1024x683.jpg\" class=\" wp-image-2041 aligncenter\" src=\"http:\/\/parroquiaanunciacion.com\/colegio\/wp-content\/uploads\/2016\/03\/IMG_0854-300x200.jpg\" alt=\"IMG_0854\" width=\"433\" height=\"289\" srcset=\"https:\/\/parroquiaanunciacion.com\/colegio\/wp-content\/uploads\/2016\/03\/IMG_0854-300x200.jpg 300w, https:\/\/parroquiaanunciacion.com\/colegio\/wp-content\/uploads\/2016\/03\/IMG_0854-1024x683.jpg 1024w\" sizes=\"(max-width: 433px) 100vw, 433px\" \/><\/a><\/p>\n","protected":false},"excerpt":{"rendered":"<p>Los alumnos de segundo y tercer ciclo de Primaria han visitado la Exposici\u00f3n de Pasos de Semana Santa, ubicada en la Plaza Porticada. Durante la visita Francisco Guti\u00e9rrez D\u00edaz, gran conocedor de la Semana Santa santanderina, les ha explicado los diferentes Pasos, sus autores \u00a0y las cofrad\u00edas con que procesionan. &nbsp; &nbsp; &nbsp; &nbsp; &nbsp; [&hellip;]<\/p>\n","protected":false},"author":6,"featured_media":0,"comment_status":"open","ping_status":"open","sticky":false,"template":"","format":"standard","meta":{"_et_pb_use_builder":"","_et_pb_old_content":"","_et_gb_content_width":"","jetpack_post_was_ever_published":false,"_jetpack_newsletter_access":"","_jetpack_dont_email_post_to_subs":false,"_jetpack_newsletter_tier_id":0,"_jetpack_memberships_contains_paywalled_content":false,"_jetpack_memberships_contains_paid_content":false,"footnotes":"","jetpack_publicize_message":"","jetpack_publicize_feature_enabled":true,"jetpack_social_post_already_shared":false,"jetpack_social_options":{"image_generator_settings":{"template":"highway","default_image_id":0,"font":"","enabled":false},"version":2}},"categories":[1],"tags":[],"class_list":["post-2039","post","type-post","status-publish","format-standard","hentry","category-general"],"jetpack_publicize_connections":[],"jetpack_featured_media_url":"","jetpack_sharing_enabled":true,"jetpack_shortlink":"https:\/\/wp.me\/p2dxaQ-wT","_links":{"self":[{"href":"https:\/\/parroquiaanunciacion.com\/colegio\/wp-json\/wp\/v2\/posts\/2039","targetHints":{"allow":["GET"]}}],"collection":[{"href":"https:\/\/parroquiaanunciacion.com\/colegio\/wp-json\/wp\/v2\/posts"}],"about":[{"href":"https:\/\/parroquiaanunciacion.com\/colegio\/wp-json\/wp\/v2\/types\/post"}],"author":[{"embeddable":true,"href":"https:\/\/parroquiaanunciacion.com\/colegio\/wp-json\/wp\/v2\/users\/6"}],"replies":[{"embeddable":true,"href":"https:\/\/parroquiaanunciacion.com\/colegio\/wp-json\/wp\/v2\/comments?post=2039"}],"version-history":[{"count":3,"href":"https:\/\/parroquiaanunciacion.com\/colegio\/wp-json\/wp\/v2\/posts\/2039\/revisions"}],"predecessor-version":[{"id":2045,"href":"https:\/\/parroquiaanunciacion.com\/colegio\/wp-json\/wp\/v2\/posts\/2039\/revisions\/2045"}],"wp:attachment":[{"href":"https:\/\/parroquiaanunciacion.com\/colegio\/wp-json\/wp\/v2\/media?parent=2039"}],"wp:term":[{"taxonomy":"category","embeddable":true,"href":"https:\/\/parroquiaanunciacion.com\/colegio\/wp-json\/wp\/v2\/categories?post=2039"},{"taxonomy":"post_tag","embeddable":true,"href":"https:\/\/parroquiaanunciacion.com\/colegio\/wp-json\/wp\/v2\/tags?post=2039"}],"curies":[{"name":"wp","href":"https:\/\/api.w.org\/{rel}","templated":true}]}}