{"id":3193,"date":"2018-10-25T15:43:26","date_gmt":"2018-10-25T13:43:26","guid":{"rendered":"http:\/\/parroquiaanunciacion.com\/colegio\/?p=3193"},"modified":"2018-10-25T15:45:19","modified_gmt":"2018-10-25T13:45:19","slug":"atrio-del-buen-pastor","status":"publish","type":"post","link":"https:\/\/parroquiaanunciacion.com\/colegio\/atrio-del-buen-pastor\/","title":{"rendered":"Atrio del Buen Pastor"},"content":{"rendered":"<p>[et_pb_section bb_built=\u00bb1&#8243;][et_pb_row][et_pb_column type=\u00bb4_4&#8243;][et_pb_text _builder_version=\u00bb3.15&#8243;]<\/p>\n<p>Los ni\u00f1os y ni\u00f1as de infantil ya estamos disfrutando de las clases de religi\u00f3n en el Atrio del Buen Pastor. Adem\u00e1s, este curso como novedad tenemos un espacio m\u00e1s amplio y c\u00f3modo para trabajar, pero igual de especial y bonito. Durante los pr\u00f3ximos meses continuaremos conociendo y profundizando sobre Jes\u00fas el Buen Pastor.<\/p>\n<p>[\/et_pb_text][et_pb_image _builder_version=\u00bb3.15&#8243; src=\u00bbhttp:\/\/parroquiaanunciacion.com\/colegio\/wp-content\/uploads\/2018\/10\/099a8380-1b6c-416f-889f-918304b53ce2.jpg\u00bb \/][et_pb_image _builder_version=\u00bb3.15&#8243; src=\u00bbhttp:\/\/parroquiaanunciacion.com\/colegio\/wp-content\/uploads\/2018\/10\/IMG_9416.jpg\u00bb \/][et_pb_image _builder_version=\u00bb3.15&#8243; src=\u00bbhttp:\/\/parroquiaanunciacion.com\/colegio\/wp-content\/uploads\/2018\/10\/IMG_9938.jpg\u00bb \/][et_pb_image _builder_version=\u00bb3.15&#8243; src=\u00bbhttp:\/\/parroquiaanunciacion.com\/colegio\/wp-content\/uploads\/2018\/10\/7c48c484-3fc1-4f94-b108-5dbc9a25fbd9.jpg\u00bb \/][\/et_pb_column][\/et_pb_row][\/et_pb_section]<\/p>\n","protected":false},"excerpt":{"rendered":"<p><div class=\"et_pb_row et_pb_row_0 et_pb_row_empty\">\n\t\t\t\t\n\t\t\t\t\n\t\t\t\t\n\t\t\t\t\n\t\t\t\t\n\t\t\t<\/div> Los ni\u00f1os y ni\u00f1as de infantil ya estamos disfrutando de las clases de religi\u00f3n en el Atrio del Buen Pastor. Adem\u00e1s, este curso como novedad tenemos un espacio m\u00e1s amplio y c\u00f3modo para trabajar, pero igual de especial y bonito. Durante los pr\u00f3ximos meses continuaremos conociendo y profundizando sobre Jes\u00fas el Buen Pastor.<\/p>\n","protected":false},"author":4,"featured_media":0,"comment_status":"open","ping_status":"open","sticky":false,"template":"","format":"standard","meta":{"_et_pb_use_builder":"on","_et_pb_old_content":"","_et_gb_content_width":"","jetpack_post_was_ever_published":false,"_jetpack_newsletter_access":"","_jetpack_dont_email_post_to_subs":false,"_jetpack_newsletter_tier_id":0,"_jetpack_memberships_contains_paywalled_content":false,"_jetpack_memberships_contains_paid_content":false,"footnotes":"","jetpack_publicize_message":"","jetpack_publicize_feature_enabled":true,"jetpack_social_post_already_shared":false,"jetpack_social_options":{"image_generator_settings":{"template":"highway","default_image_id":0,"font":"","enabled":false},"version":2}},"categories":[6,57],"tags":[],"class_list":["post-3193","post","type-post","status-publish","format-standard","hentry","category-infantil","category-segundo-ciclo"],"jetpack_publicize_connections":[],"jetpack_featured_media_url":"","jetpack_sharing_enabled":true,"jetpack_shortlink":"https:\/\/wp.me\/p2dxaQ-Pv","_links":{"self":[{"href":"https:\/\/parroquiaanunciacion.com\/colegio\/wp-json\/wp\/v2\/posts\/3193","targetHints":{"allow":["GET"]}}],"collection":[{"href":"https:\/\/parroquiaanunciacion.com\/colegio\/wp-json\/wp\/v2\/posts"}],"about":[{"href":"https:\/\/parroquiaanunciacion.com\/colegio\/wp-json\/wp\/v2\/types\/post"}],"author":[{"embeddable":true,"href":"https:\/\/parroquiaanunciacion.com\/colegio\/wp-json\/wp\/v2\/users\/4"}],"replies":[{"embeddable":true,"href":"https:\/\/parroquiaanunciacion.com\/colegio\/wp-json\/wp\/v2\/comments?post=3193"}],"version-history":[{"count":1,"href":"https:\/\/parroquiaanunciacion.com\/colegio\/wp-json\/wp\/v2\/posts\/3193\/revisions"}],"predecessor-version":[{"id":3198,"href":"https:\/\/parroquiaanunciacion.com\/colegio\/wp-json\/wp\/v2\/posts\/3193\/revisions\/3198"}],"wp:attachment":[{"href":"https:\/\/parroquiaanunciacion.com\/colegio\/wp-json\/wp\/v2\/media?parent=3193"}],"wp:term":[{"taxonomy":"category","embeddable":true,"href":"https:\/\/parroquiaanunciacion.com\/colegio\/wp-json\/wp\/v2\/categories?post=3193"},{"taxonomy":"post_tag","embeddable":true,"href":"https:\/\/parroquiaanunciacion.com\/colegio\/wp-json\/wp\/v2\/tags?post=3193"}],"curies":[{"name":"wp","href":"https:\/\/api.w.org\/{rel}","templated":true}]}}