{"id":3201,"date":"2018-10-27T21:42:34","date_gmt":"2018-10-27T19:42:34","guid":{"rendered":"http:\/\/parroquiaanunciacion.com\/colegio\/?p=3201"},"modified":"2019-01-13T19:39:17","modified_gmt":"2019-01-13T18:39:17","slug":"aaron-cumple-4","status":"publish","type":"post","link":"https:\/\/parroquiaanunciacion.com\/colegio\/aaron-cumple-4\/","title":{"rendered":"Aar\u00f3n cumple 4"},"content":{"rendered":"<p>[et_pb_section bb_built=\u00bb1&#8243;][et_pb_row _builder_version=\u00bb3.15&#8243;][et_pb_column type=\u00bb4_4&#8243;][et_pb_text _builder_version=\u00bb3.15&#8243;]<\/p>\n<p>\u00a1Aar\u00f3n ya tiene 4 a\u00f1os! Esta semana hemos celebrado que nuestro compa\u00f1ero Aar\u00f3n ha cumplido 4 a\u00f1os. Junto a \u00e9l hicimos la \u00abCelebraci\u00f3n de la vida\u00bb de Mar\u00eda Montessori y Aar\u00f3n dio sus cuatro vueltas al sol. Le regalamos un libro con dibujos y nuestros mejores deseos y compartimos un bizcocho casero para rematar la celebraci\u00f3n. \u00a1Que cumplas muchos m\u00e1s!<\/p>\n<p>[\/et_pb_text][\/et_pb_column][\/et_pb_row][et_pb_row][et_pb_column type=\u00bb4_4&#8243;][et_pb_gallery _builder_version=\u00bb3.15&#8243; gallery_ids=\u00bb3204,3202,3203&#8243; posts_number=\u00bb3&#8243; show_title_and_caption=\u00bboff\u00bb show_pagination=\u00bboff\u00bb zoom_icon_color=\u00bb#0066cc\u00bb hover_overlay_color=\u00bbrgba(255,255,255,0.9)\u00bb \/][\/et_pb_column][\/et_pb_row][\/et_pb_section]<\/p>\n","protected":false},"excerpt":{"rendered":"<p>\u00a1Aar\u00f3n ya tiene 4 a\u00f1os! Esta semana hemos celebrado que nuestro compa\u00f1ero Aar\u00f3n ha cumplido 4 a\u00f1os. Junto a \u00e9l hicimos la \u00abCelebraci\u00f3n de la vida\u00bb de Mar\u00eda Montessori y Aar\u00f3n dio sus cuatro vueltas al sol. Le regalamos un libro con dibujos y nuestros mejores deseos y compartimos un bizcocho casero para rematar la [&hellip;]<\/p>\n","protected":false},"author":4,"featured_media":0,"comment_status":"open","ping_status":"open","sticky":false,"template":"","format":"standard","meta":{"_et_pb_use_builder":"on","_et_pb_old_content":"","_et_gb_content_width":"","jetpack_post_was_ever_published":false,"_jetpack_newsletter_access":"","_jetpack_dont_email_post_to_subs":false,"_jetpack_newsletter_tier_id":0,"_jetpack_memberships_contains_paywalled_content":false,"_jetpack_memberships_contains_paid_content":false,"footnotes":"","jetpack_publicize_message":"","jetpack_publicize_feature_enabled":true,"jetpack_social_post_already_shared":false,"jetpack_social_options":{"image_generator_settings":{"template":"highway","default_image_id":0,"font":"","enabled":false},"version":2}},"categories":[6,57],"tags":[],"class_list":["post-3201","post","type-post","status-publish","format-standard","hentry","category-infantil","category-segundo-ciclo"],"jetpack_publicize_connections":[],"jetpack_featured_media_url":"","jetpack_sharing_enabled":true,"jetpack_shortlink":"https:\/\/wp.me\/p2dxaQ-PD","_links":{"self":[{"href":"https:\/\/parroquiaanunciacion.com\/colegio\/wp-json\/wp\/v2\/posts\/3201","targetHints":{"allow":["GET"]}}],"collection":[{"href":"https:\/\/parroquiaanunciacion.com\/colegio\/wp-json\/wp\/v2\/posts"}],"about":[{"href":"https:\/\/parroquiaanunciacion.com\/colegio\/wp-json\/wp\/v2\/types\/post"}],"author":[{"embeddable":true,"href":"https:\/\/parroquiaanunciacion.com\/colegio\/wp-json\/wp\/v2\/users\/4"}],"replies":[{"embeddable":true,"href":"https:\/\/parroquiaanunciacion.com\/colegio\/wp-json\/wp\/v2\/comments?post=3201"}],"version-history":[{"count":4,"href":"https:\/\/parroquiaanunciacion.com\/colegio\/wp-json\/wp\/v2\/posts\/3201\/revisions"}],"predecessor-version":[{"id":3211,"href":"https:\/\/parroquiaanunciacion.com\/colegio\/wp-json\/wp\/v2\/posts\/3201\/revisions\/3211"}],"wp:attachment":[{"href":"https:\/\/parroquiaanunciacion.com\/colegio\/wp-json\/wp\/v2\/media?parent=3201"}],"wp:term":[{"taxonomy":"category","embeddable":true,"href":"https:\/\/parroquiaanunciacion.com\/colegio\/wp-json\/wp\/v2\/categories?post=3201"},{"taxonomy":"post_tag","embeddable":true,"href":"https:\/\/parroquiaanunciacion.com\/colegio\/wp-json\/wp\/v2\/tags?post=3201"}],"curies":[{"name":"wp","href":"https:\/\/api.w.org\/{rel}","templated":true}]}}